{"id":1614,"date":"2024-03-10T11:09:26","date_gmt":"2024-03-10T16:09:26","guid":{"rendered":"https:\/\/parquedelavida.co\/parquedelavida\/?p=1614"},"modified":"2024-07-17T15:49:28","modified_gmt":"2024-07-17T20:49:28","slug":"taller-virtual-en-biblioterapia","status":"publish","type":"post","link":"https:\/\/parquedelavida.co\/parquedelavida\/taller-virtual-en-biblioterapia\/","title":{"rendered":"Taller en Biblioterapia"},"content":{"rendered":"[vc_row type=&#8221;in_container&#8221; full_screen_row_position=&#8221;middle&#8221; column_margin=&#8221;default&#8221; column_direction=&#8221;default&#8221; column_direction_tablet=&#8221;default&#8221; column_direction_phone=&#8221;default&#8221; scene_position=&#8221;center&#8221; text_color=&#8221;dark&#8221; text_align=&#8221;left&#8221; row_border_radius=&#8221;none&#8221; row_border_radius_applies=&#8221;bg&#8221; overflow=&#8221;visible&#8221; overlay_strength=&#8221;0.3&#8243; gradient_direction=&#8221;left_to_right&#8221; shape_divider_position=&#8221;bottom&#8221; bg_image_animation=&#8221;none&#8221;][vc_column column_padding=&#8221;no-extra-padding&#8221; column_padding_tablet=&#8221;inherit&#8221; column_padding_phone=&#8221;inherit&#8221; column_padding_position=&#8221;all&#8221; column_element_spacing=&#8221;default&#8221; background_color_opacity=&#8221;1&#8243; background_hover_color_opacity=&#8221;1&#8243; column_shadow=&#8221;none&#8221; column_border_radius=&#8221;none&#8221; column_link_target=&#8221;_self&#8221; column_position=&#8221;default&#8221; gradient_direction=&#8221;left_to_right&#8221; overlay_strength=&#8221;0.3&#8243; width=&#8221;2\/3&#8243; tablet_width_inherit=&#8221;default&#8221; tablet_text_alignment=&#8221;default&#8221; phone_text_alignment=&#8221;default&#8221; animation_type=&#8221;default&#8221; bg_image_animation=&#8221;none&#8221; border_type=&#8221;simple&#8221; column_border_width=&#8221;none&#8221; column_border_style=&#8221;solid&#8221;][image_with_animation image_url=&#8221;1269&#8243; image_size=&#8221;full&#8221; animation_type=&#8221;entrance&#8221; animation=&#8221;Fade In&#8221; hover_animation=&#8221;none&#8221; alignment=&#8221;&#8221; border_radius=&#8221;none&#8221; box_shadow=&#8221;none&#8221; image_loading=&#8221;default&#8221; max_width=&#8221;100%&#8221; max_width_mobile=&#8221;default&#8221;][\/vc_column][vc_column column_padding=&#8221;no-extra-padding&#8221; column_padding_tablet=&#8221;inherit&#8221; column_padding_phone=&#8221;inherit&#8221; column_padding_position=&#8221;all&#8221; column_element_spacing=&#8221;default&#8221; background_color_opacity=&#8221;1&#8243; background_hover_color_opacity=&#8221;1&#8243; column_shadow=&#8221;none&#8221; column_border_radius=&#8221;none&#8221; column_link_target=&#8221;_self&#8221; column_position=&#8221;default&#8221; gradient_direction=&#8221;left_to_right&#8221; overlay_strength=&#8221;0.3&#8243; width=&#8221;1\/3&#8243; tablet_width_inherit=&#8221;default&#8221; tablet_text_alignment=&#8221;default&#8221; phone_text_alignment=&#8221;default&#8221; animation_type=&#8221;default&#8221; bg_image_animation=&#8221;none&#8221; border_type=&#8221;simple&#8221; column_border_width=&#8221;none&#8221; column_border_style=&#8221;solid&#8221;][vc_column_text]<i class=\"fa fa-calendar green\" aria-hidden=\"true\"><\/i> Fecha: 09 al 30 de mayo del 2024<\/p>\n<hr \/>\n<p><i class=\"fa fa-user green\" aria-hidden=\"true\"><\/i> Dirigido a: P\u00fablico en general. Personas interesadas en la literatura, la lectura y la escritura con potencial y valor terap\u00e9utico.<\/p>\n<hr \/>\n<p><i class=\"fa fa-clock-o green\" aria-hidden=\"true\"><\/i> Intensidad: 8 horas<\/p>\n<hr \/>\n<p><i class=\"fa fa-clock-o green\" aria-hidden=\"true\"><\/i> Horario: jueves de\u00a0 6:00 p.m. a 8:00 p.m.<\/p>\n<hr \/>\n<p><i class=\"fa fa-dollar green\" aria-hidden=\"true\"><\/i> Tarifa plena: 180.000<br \/>\nTarifas preferenciales:<br \/>\n171.000 5% por pronto pago hasta 29 de abril de 2024<br \/>\n162.000, 10% Comunidad UdeA<br \/>\n153.000, 15% Estudiantes de pregrado UdeA<\/p>\n<hr \/>\n<p><i class=\"fa fa-certificate green\" aria-hidden=\"true\"><\/i> Certifica: Universidad de Antioquia[\/vc_column_text][\/vc_column][\/vc_row][vc_row type=&#8221;in_container&#8221; full_screen_row_position=&#8221;middle&#8221; column_margin=&#8221;default&#8221; column_direction=&#8221;default&#8221; column_direction_tablet=&#8221;default&#8221; column_direction_phone=&#8221;default&#8221; scene_position=&#8221;center&#8221; text_color=&#8221;dark&#8221; text_align=&#8221;left&#8221; row_border_radius=&#8221;none&#8221; row_border_radius_applies=&#8221;bg&#8221; overflow=&#8221;visible&#8221; overlay_strength=&#8221;0.3&#8243; gradient_direction=&#8221;left_to_right&#8221; shape_divider_position=&#8221;bottom&#8221; bg_image_animation=&#8221;none&#8221;][vc_column column_padding=&#8221;no-extra-padding&#8221; column_padding_tablet=&#8221;inherit&#8221; column_padding_phone=&#8221;inherit&#8221; column_padding_position=&#8221;all&#8221; column_element_spacing=&#8221;default&#8221; background_color_opacity=&#8221;1&#8243; background_hover_color_opacity=&#8221;1&#8243; column_shadow=&#8221;none&#8221; column_border_radius=&#8221;none&#8221; column_link_target=&#8221;_self&#8221; column_position=&#8221;default&#8221; gradient_direction=&#8221;left_to_right&#8221; overlay_strength=&#8221;0.3&#8243; width=&#8221;1\/1&#8243; tablet_width_inherit=&#8221;default&#8221; tablet_text_alignment=&#8221;default&#8221; phone_text_alignment=&#8221;default&#8221; animation_type=&#8221;default&#8221; bg_image_animation=&#8221;none&#8221; border_type=&#8221;simple&#8221; column_border_width=&#8221;none&#8221; column_border_style=&#8221;solid&#8221;][tabbed_section style=&#8221;default&#8221; alignment=&#8221;left&#8221; spacing=&#8221;default&#8221; tab_color=&#8221;Extra-Color-1&#8243; vs_content_animation=&#8221;fade&#8221; vs_link_animation=&#8221;opacity&#8221; vs_navigation_alignment=&#8221;left&#8221; vs_navigation_width_2=&#8221;25%&#8221; vs_navigation_func=&#8221;default&#8221; vs_navigation_width=&#8221;regular&#8221; vs_navigation_spacing=&#8221;15px&#8221; vs_navigation_mobile_display=&#8221;visible&#8221; vs_tab_spacing=&#8221;5%&#8221;][tab icon_family=&#8221;none&#8221; title=&#8221;DESCRIPCI\u00d3N&#8221; id=&#8221;1713196650976-8&#8243; tab_id=&#8221;1713196650977-4&#8243;][vc_column_text]Aprox\u00edmate a la literatura, infantil, juvenil y adulta, como un recurso b\u00e1sico para tu desarrollo personal y como herramienta para acompa\u00f1ar a otros en sus m\u00faltiples dolores.<\/p>\n<p><!--more--><br \/>\n\u00bfSer\u00e1 que los libros pueden ser un recurso terap\u00e9utico? Los antiguos griegos sosten\u00edan que la literatura era psicol\u00f3gica y espiritualmente importante, y por ello sol\u00edan tener un cartel sobre las puertas de las Bibliotecas en el que describ\u00edan estos lugares como \u201clugares de curaci\u00f3n para el alma\u201d.<\/p>\n<p>En nuestro Taller <strong>presencial<\/strong> en Biblioterapia, exploramos esta disciplina, sus recursos y sus estrategias, descubriendo lo que los te\u00f3ricos llaman la &#8220;fuerza&#8221; del libro, en el acompa\u00f1amiento a otras personas o a nosotros mismos en nuestros m\u00faltiples dolores. De esta manera, a trav\u00e9s de los libros, sus interpretaciones y el di\u00e1logo con ellos, lograremos convertir la lectura en un h\u00e1bito que contribuya con nuestro bienestar mental y emocional, y con el bienestar de los que nos rodean.[\/vc_column_text][\/tab][tab icon_family=&#8221;none&#8221; title=&#8221;CONTENIDOS&#8221; id=&#8221;1713196651005-1&#8243; tab_id=&#8221;1713196651006-7&#8243; sub_desc=&#8221;CONTENIDOS&#8221;][vc_column_text]<strong>Contenido<\/strong><\/p>\n<p><strong>Unidad 1: Los or\u00edgenes de la Literatura<\/strong><\/p>\n<ul>\n<li>Una aproximaci\u00f3n a las categor\u00edas: Literatura infantil, juvenil y adulta.<\/li>\n<li>Lenguaje literario y no literario. Historia de la Literatura.<\/li>\n<li>Evoluci\u00f3n psicol\u00f3gica y maduraci\u00f3n lectora.<\/li>\n<li>\u201cTemas dif\u00edciles\u201d en la literatura.<\/li>\n<li>Selecci\u00f3n de materiales de literatura apropiados para el desarrollo de actividades y de biblioterapia.<\/li>\n<\/ul>\n<p><strong>Unidad 2: La Literatura en los hospitales<\/strong><\/p>\n<ul>\n<li>Estrategias de promoci\u00f3n, mediaci\u00f3n y animaci\u00f3n lectoras: (lectura en voz alta).<\/li>\n<li>Lecturas de textos<\/li>\n<\/ul>\n<p><strong>Unidad 3: Otras narrativas<\/strong><\/p>\n<ul>\n<li>Exploraci\u00f3n de otras estrategias de biblioterapia. Escritura creativa y conversaci\u00f3n.<\/li>\n<li>Socializaci\u00f3n de ejercicios<\/li>\n<\/ul>\n[\/vc_column_text][\/tab][tab icon_family=&#8221;none&#8221; title=&#8221;DOCENTE&#8221; id=&#8221;1713196651020-8&#8243; tab_id=&#8221;1713196651020-2&#8243; sub_desc=&#8221;DOCENTE&#8221;][vc_column_text]<strong>Docente<\/strong><\/p>\n<p>&nbsp;<\/p>\n<p><strong>Marcela Vel\u00e1squez Guiral<\/strong>: naci\u00f3 en Yolomb\u00f3, Antioquia. Es\u202fBibliotec\u00f3loga graduada de la Universidad de Antioquia; mag\u00edster en Educaci\u00f3n Superior en Salud, por la misma universidad; y m\u00e1ster en Promoci\u00f3n de Lectura y Literatura Infantil, Universidad de Castilla \u2013 La Mancha, Espa\u00f1a. Actualmente es docente en la Facultad de Medicina de la Universidad de Antioquia. Ha sido ganadora del premio nacional El Barco de Vapor, 2015, con la novela\u202fSe resfriaron los sapos; ganadora de la Beca para la Creaci\u00f3n Art\u00edstica y Cultural, Alcald\u00eda de Medell\u00edn, 2012, con el libro de cuentos\u202f \u00a1Mira lo que trajo el mar!; ganadora de la\u202fBeca para la Creaci\u00f3n Art\u00edstica y Cultural en Literatura Infantil, Alcald\u00eda de Medell\u00edn, 2018 con la novela A mediod\u00eda llov\u00edan p\u00e1jaros y ganadora del Est\u00edmulo a la Creaci\u00f3n en Periodismo Narrativo, 2021 con Las mensajeras del ruise\u00f1or. Autora tambi\u00e9n de las obras Este legado de alas, 2022 y Viento lleg\u00f3 tarde,2022.[\/vc_column_text][\/tab][tab icon_family=&#8221;none&#8221; title=&#8221;M\u00c1S INFORMACI\u00d3N&#8221; id=&#8221;1713196651032-0&#8243; tab_id=&#8221;1713196651032-6&#8243;][vc_column_text]<strong>Mayores informes<\/strong><\/p>\n<ul>\n<li><a href=\"mailto:gestionacademicapdlv@udea.edu.co\">parquedelavida@udea.edu.co<\/a><\/li>\n<li>Tel: (604) 219 25 85 \/86<\/li>\n<\/ul>\n[\/vc_column_text][\/tab][\/tabbed_section][\/vc_column][\/vc_row][vc_row type=&#8221;full_width_background&#8221; full_screen_row_position=&#8221;middle&#8221; column_margin=&#8221;default&#8221; column_direction=&#8221;default&#8221; column_direction_tablet=&#8221;default&#8221; column_direction_phone=&#8221;default&#8221; scene_position=&#8221;center&#8221; top_padding=&#8221;2%&#8221; bottom_padding=&#8221;6%&#8221; text_color=&#8221;dark&#8221; text_align=&#8221;left&#8221; row_border_radius=&#8221;none&#8221; row_border_radius_applies=&#8221;bg&#8221; overflow=&#8221;visible&#8221; advanced_gradient_angle=&#8221;0&#8243; overlay_strength=&#8221;0.3&#8243; gradient_direction=&#8221;left_to_right&#8221; shape_divider_position=&#8221;bottom&#8221; bg_image_animation=&#8221;none&#8221; shape_type=&#8221;&#8221; gradient_type=&#8221;default&#8221;][vc_column column_padding=&#8221;no-extra-padding&#8221; column_padding_tablet=&#8221;inherit&#8221; column_padding_phone=&#8221;inherit&#8221; column_padding_position=&#8221;all&#8221; column_element_spacing=&#8221;default&#8221; background_color_opacity=&#8221;1&#8243; background_hover_color_opacity=&#8221;1&#8243; column_shadow=&#8221;none&#8221; column_border_radius=&#8221;none&#8221; column_link_target=&#8221;_self&#8221; column_position=&#8221;default&#8221; gradient_direction=&#8221;left_to_right&#8221; overlay_strength=&#8221;0.3&#8243; width=&#8221;1\/1&#8243; tablet_width_inherit=&#8221;default&#8221; tablet_text_alignment=&#8221;default&#8221; phone_text_alignment=&#8221;default&#8221; animation_type=&#8221;default&#8221; bg_image_animation=&#8221;none&#8221; border_type=&#8221;simple&#8221; column_border_width=&#8221;none&#8221; column_border_style=&#8221;solid&#8221;][vc_row_inner column_margin=&#8221;default&#8221; column_direction=&#8221;default&#8221; column_direction_tablet=&#8221;default&#8221; column_direction_phone=&#8221;default&#8221; text_align=&#8221;left&#8221; row_position=&#8221;default&#8221; row_position_tablet=&#8221;inherit&#8221; row_position_phone=&#8221;inherit&#8221; overflow=&#8221;visible&#8221; pointer_events=&#8221;all&#8221;][vc_column_inner column_padding=&#8221;no-extra-padding&#8221; column_padding_tablet=&#8221;inherit&#8221; column_padding_phone=&#8221;inherit&#8221; column_padding_position=&#8221;all&#8221; column_element_spacing=&#8221;default&#8221; centered_text=&#8221;true&#8221; background_color_opacity=&#8221;1&#8243; background_hover_color_opacity=&#8221;1&#8243; column_shadow=&#8221;none&#8221; column_border_radius=&#8221;none&#8221; column_link_target=&#8221;_self&#8221; gradient_direction=&#8221;left_to_right&#8221; overlay_strength=&#8221;0.3&#8243; width=&#8221;1\/1&#8243; tablet_width_inherit=&#8221;default&#8221; animation_type=&#8221;default&#8221; bg_image_animation=&#8221;none&#8221; border_type=&#8221;simple&#8221; column_border_width=&#8221;none&#8221; column_border_style=&#8221;solid&#8221;][nectar_btn size=&#8221;large&#8221; button_style=&#8221;regular&#8221; button_color_2=&#8221;Extra-Color-1&#8243; color_override=&#8221;#ffa400&#8243; solid_text_color_override=&#8221;#ffffff&#8221; icon_family=&#8221;default_arrow&#8221; url=&#8221;https:\/\/docs.google.com\/forms\/d\/e\/1FAIpQLScXa2k0dd84DFrH4mZx-CgEE451fk3VuR8x1V-_jguQyDSw3g\/viewform&#8221; text=&#8221;INSCRIBIRME&#8221; margin_top=&#8221;7&#8243; css_animation=&#8221;none&#8221;][\/vc_column_inner][\/vc_row_inner][\/vc_column][\/vc_row]\n","protected":false},"excerpt":{"rendered":"<p>[vc_row type=&#8221;in_container&#8221; full_screen_row_position=&#8221;middle&#8221; column_margin=&#8221;default&#8221; column_direction=&#8221;default&#8221; column_direction_tablet=&#8221;default&#8221; column_direction_phone=&#8221;default&#8221; scene_position=&#8221;center&#8221; text_color=&#8221;dark&#8221; text_align=&#8221;left&#8221; row_border_radius=&#8221;none&#8221; row_border_radius_applies=&#8221;bg&#8221; overflow=&#8221;visible&#8221; overlay_strength=&#8221;0.3&#8243; gradient_direction=&#8221;left_to_right&#8221; shape_divider_position=&#8221;bottom&#8221; bg_image_animation=&#8221;none&#8221;][vc_column column_padding=&#8221;no-extra-padding&#8221; column_padding_tablet=&#8221;inherit&#8221; column_padding_phone=&#8221;inherit&#8221; column_padding_position=&#8221;all&#8221; column_element_spacing=&#8221;default&#8221; background_color_opacity=&#8221;1&#8243; background_hover_color_opacity=&#8221;1&#8243; column_shadow=&#8221;none&#8221; column_border_radius=&#8221;none&#8221; column_link_target=&#8221;_self&#8221; column_position=&#8221;default&#8221; gradient_direction=&#8221;left_to_right&#8221; overlay_strength=&#8221;0.3&#8243; width=&#8221;2\/3&#8243; tablet_width_inherit=&#8221;default&#8221; tablet_text_alignment=&#8221;default&#8221; phone_text_alignment=&#8221;default&#8221; animation_type=&#8221;default&#8221; bg_image_animation=&#8221;none&#8221; border_type=&#8221;simple&#8221; column_border_width=&#8221;none&#8221; column_border_style=&#8221;solid&#8221;][image_with_animation image_url=&#8221;1269&#8243;&#8230;<\/p>\n","protected":false},"author":1,"featured_media":2452,"comment_status":"closed","ping_status":"closed","sticky":false,"template":"","format":"standard","meta":{"footnotes":""},"categories":[48],"tags":[],"class_list":{"0":"post-1614","1":"post","2":"type-post","3":"status-publish","4":"format-standard","5":"has-post-thumbnail","7":"category-cursos-talleres"},"_links":{"self":[{"href":"https:\/\/parquedelavida.co\/parquedelavida\/wp-json\/wp\/v2\/posts\/1614","targetHints":{"allow":["GET"]}}],"collection":[{"href":"https:\/\/parquedelavida.co\/parquedelavida\/wp-json\/wp\/v2\/posts"}],"about":[{"href":"https:\/\/parquedelavida.co\/parquedelavida\/wp-json\/wp\/v2\/types\/post"}],"author":[{"embeddable":true,"href":"https:\/\/parquedelavida.co\/parquedelavida\/wp-json\/wp\/v2\/users\/1"}],"replies":[{"embeddable":true,"href":"https:\/\/parquedelavida.co\/parquedelavida\/wp-json\/wp\/v2\/comments?post=1614"}],"version-history":[{"count":13,"href":"https:\/\/parquedelavida.co\/parquedelavida\/wp-json\/wp\/v2\/posts\/1614\/revisions"}],"predecessor-version":[{"id":2451,"href":"https:\/\/parquedelavida.co\/parquedelavida\/wp-json\/wp\/v2\/posts\/1614\/revisions\/2451"}],"wp:featuredmedia":[{"embeddable":true,"href":"https:\/\/parquedelavida.co\/parquedelavida\/wp-json\/wp\/v2\/media\/2452"}],"wp:attachment":[{"href":"https:\/\/parquedelavida.co\/parquedelavida\/wp-json\/wp\/v2\/media?parent=1614"}],"wp:term":[{"taxonomy":"category","embeddable":true,"href":"https:\/\/parquedelavida.co\/parquedelavida\/wp-json\/wp\/v2\/categories?post=1614"},{"taxonomy":"post_tag","embeddable":true,"href":"https:\/\/parquedelavida.co\/parquedelavida\/wp-json\/wp\/v2\/tags?post=1614"}],"curies":[{"name":"wp","href":"https:\/\/api.w.org\/{rel}","templated":true}]}}