{"id":2239,"date":"2023-07-28T09:51:03","date_gmt":"2023-07-28T14:51:03","guid":{"rendered":"https:\/\/parquedelavida.co\/parquedelavida\/?p=2239"},"modified":"2024-06-06T14:31:23","modified_gmt":"2024-06-06T19:31:23","slug":"curso-virtual-de-intervencion-creativa-y-experiencial","status":"publish","type":"post","link":"https:\/\/parquedelavida.co\/parquedelavida\/curso-virtual-de-intervencion-creativa-y-experiencial\/","title":{"rendered":"Curso virtual de intervenci\u00f3n creativa y experiencial"},"content":{"rendered":"[vc_row type=&#8221;in_container&#8221; full_screen_row_position=&#8221;middle&#8221; column_margin=&#8221;default&#8221; column_direction=&#8221;default&#8221; column_direction_tablet=&#8221;default&#8221; column_direction_phone=&#8221;default&#8221; scene_position=&#8221;center&#8221; text_color=&#8221;dark&#8221; text_align=&#8221;left&#8221; row_border_radius=&#8221;none&#8221; row_border_radius_applies=&#8221;bg&#8221; overflow=&#8221;visible&#8221; overlay_strength=&#8221;0.3&#8243; gradient_direction=&#8221;left_to_right&#8221; shape_divider_position=&#8221;bottom&#8221; bg_image_animation=&#8221;none&#8221;][vc_column column_padding=&#8221;no-extra-padding&#8221; column_padding_tablet=&#8221;inherit&#8221; column_padding_phone=&#8221;inherit&#8221; column_padding_position=&#8221;all&#8221; column_element_spacing=&#8221;default&#8221; background_color_opacity=&#8221;1&#8243; background_hover_color_opacity=&#8221;1&#8243; column_shadow=&#8221;none&#8221; column_border_radius=&#8221;none&#8221; column_link_target=&#8221;_self&#8221; column_position=&#8221;default&#8221; gradient_direction=&#8221;left_to_right&#8221; overlay_strength=&#8221;0.3&#8243; width=&#8221;2\/3&#8243; tablet_width_inherit=&#8221;default&#8221; tablet_text_alignment=&#8221;default&#8221; phone_text_alignment=&#8221;default&#8221; animation_type=&#8221;default&#8221; bg_image_animation=&#8221;none&#8221; border_type=&#8221;simple&#8221; column_border_width=&#8221;none&#8221; column_border_style=&#8221;solid&#8221;][image_with_animation image_url=&#8221;2245&#8243; image_size=&#8221;full&#8221; animation_type=&#8221;entrance&#8221; animation=&#8221;Fade In&#8221; hover_animation=&#8221;none&#8221; alignment=&#8221;&#8221; border_radius=&#8221;none&#8221; box_shadow=&#8221;none&#8221; image_loading=&#8221;default&#8221; max_width=&#8221;100%&#8221; max_width_mobile=&#8221;default&#8221;][\/vc_column][vc_column column_padding=&#8221;no-extra-padding&#8221; column_padding_tablet=&#8221;inherit&#8221; column_padding_phone=&#8221;inherit&#8221; column_padding_position=&#8221;all&#8221; column_element_spacing=&#8221;default&#8221; background_color_opacity=&#8221;1&#8243; background_hover_color_opacity=&#8221;1&#8243; column_shadow=&#8221;none&#8221; column_border_radius=&#8221;none&#8221; column_link_target=&#8221;_self&#8221; column_position=&#8221;default&#8221; gradient_direction=&#8221;left_to_right&#8221; overlay_strength=&#8221;0.3&#8243; width=&#8221;1\/3&#8243; tablet_width_inherit=&#8221;default&#8221; tablet_text_alignment=&#8221;default&#8221; phone_text_alignment=&#8221;default&#8221; animation_type=&#8221;default&#8221; bg_image_animation=&#8221;none&#8221; border_type=&#8221;simple&#8221; column_border_width=&#8221;none&#8221; column_border_style=&#8221;solid&#8221;][vc_column_text]Fecha: inscripciones cerradas<\/p>\n<hr \/>\n<p><i class=\"fa fa-user green\" aria-hidden=\"true\"><\/i> Dirigido a:<\/p>\n<ul>\n<li>Profesionales que realicen procesos formativos en entornos empresariales, comunitarios, sociales y educativos.<\/li>\n<li>Estudiantes de \u00faltimos semestres de todas las disciplinas.<\/li>\n<li>Personas que deseen explorar la educaci\u00f3n como herramienta transformadora.<\/li>\n<li>Comunidad en general.<\/li>\n<\/ul>\n<hr \/>\n<p><i class=\"fa fa-clock-o green\" aria-hidden=\"true\"><\/i> Intensidad: 16 horas<\/p>\n<hr \/>\n<p><i class=\"fa fa-clock-o green\" aria-hidden=\"true\"><\/i>Por definir<\/p>\n<hr \/>\n<p><i class=\"fa fa-dollar green\" aria-hidden=\"true\"><\/i><strong>INSCRIPCIONES PR\u00d3XIMAMENTE<\/strong><\/p>\n<hr \/>\n<p><i class=\"fa fa-certificate green\" aria-hidden=\"true\"><\/i> Certifica: Universidad de Antioquia.[\/vc_column_text][\/vc_column][\/vc_row][vc_row type=&#8221;in_container&#8221; full_screen_row_position=&#8221;middle&#8221; column_margin=&#8221;default&#8221; column_direction=&#8221;default&#8221; column_direction_tablet=&#8221;default&#8221; column_direction_phone=&#8221;default&#8221; scene_position=&#8221;center&#8221; text_color=&#8221;dark&#8221; text_align=&#8221;left&#8221; row_border_radius=&#8221;none&#8221; row_border_radius_applies=&#8221;bg&#8221; overflow=&#8221;visible&#8221; overlay_strength=&#8221;0.3&#8243; gradient_direction=&#8221;left_to_right&#8221; shape_divider_position=&#8221;bottom&#8221; bg_image_animation=&#8221;none&#8221;][vc_column column_padding=&#8221;no-extra-padding&#8221; column_padding_tablet=&#8221;inherit&#8221; column_padding_phone=&#8221;inherit&#8221; column_padding_position=&#8221;all&#8221; column_element_spacing=&#8221;default&#8221; background_color_opacity=&#8221;1&#8243; background_hover_color_opacity=&#8221;1&#8243; column_shadow=&#8221;none&#8221; column_border_radius=&#8221;none&#8221; column_link_target=&#8221;_self&#8221; column_position=&#8221;default&#8221; gradient_direction=&#8221;left_to_right&#8221; overlay_strength=&#8221;0.3&#8243; width=&#8221;1\/1&#8243; tablet_width_inherit=&#8221;default&#8221; tablet_text_alignment=&#8221;default&#8221; phone_text_alignment=&#8221;default&#8221; animation_type=&#8221;default&#8221; bg_image_animation=&#8221;none&#8221; border_type=&#8221;simple&#8221; column_border_width=&#8221;none&#8221; column_border_style=&#8221;solid&#8221;][tabbed_section style=&#8221;default&#8221; alignment=&#8221;left&#8221; spacing=&#8221;default&#8221; tab_color=&#8221;Extra-Color-1&#8243; vs_content_animation=&#8221;fade&#8221; vs_link_animation=&#8221;opacity&#8221; vs_navigation_alignment=&#8221;left&#8221; vs_navigation_width_2=&#8221;25%&#8221; vs_navigation_func=&#8221;default&#8221; vs_navigation_width=&#8221;regular&#8221; vs_navigation_spacing=&#8221;15px&#8221; vs_navigation_mobile_display=&#8221;visible&#8221; vs_tab_spacing=&#8221;5%&#8221;][tab icon_family=&#8221;none&#8221; title=&#8221;DESCRIPCI\u00d3N&#8221; id=&#8221;1717702264969-3&#8243; tab_id=&#8221;1717702264970-5&#8243;][vc_column_text]A trav\u00e9s de este curso vivenciaremos la educaci\u00f3n como experiencia y herramienta transformadora, y a partir de all\u00ed, adquiriremos herramientas claves para hacer de nuestros procesos educativos una apuesta basada en la experiencia y la creatividad, que apunte a generar aprendizajes significativos.<\/p>\n<p><!--more-->[\/vc_column_text][\/tab][tab icon_family=&#8221;none&#8221; title=&#8221;CONTENIDOS&#8221; id=&#8221;1717702264986-2&#8243; tab_id=&#8221;1717702264986-5&#8243; sub_desc=&#8221;CONTENIDOS&#8221;][vc_column_text]<strong>Contenido<\/strong><\/p>\n<ul>\n<li>Principios de la Educaci\u00f3n. La Educaci\u00f3n como herramienta de transformaci\u00f3n social.<\/li>\n<li>Cuerpo y Experiencia. La Corpograf\u00eda como ruta de procesos educativos.<\/li>\n<li>\u00bfQu\u00e9 es la Educaci\u00f3n como Experiencia?<\/li>\n<li>\u00bfC\u00f3mo hacer del momento Educativo una Experiencia?<\/li>\n<li>Socializaci\u00f3n de Experiencias Educactivas<\/li>\n<\/ul>\n[\/vc_column_text][\/tab][tab icon_family=&#8221;none&#8221; title=&#8221;DOCENTE&#8221; id=&#8221;1717702264996-6&#8243; tab_id=&#8221;1717702264996-3&#8243; sub_desc=&#8221;DOCENTE&#8221;][vc_column_text]<strong>Docente<\/strong><\/p>\n<ul>\n<li><strong>Herika Mar\u00eda Peralta Aristizaba<\/strong>l. Magister en Motricidad y Desarrollo Humano, integrante del grupo Educaci\u00f3n Corporal del Instituto Universitario de Educaci\u00f3n F\u00edsica-Universidad de Antioquia.\u00a0 20 a\u00f1os de experiencia en Educaci\u00f3n como Experiencia y Pedagog\u00edas del Cuerpo. Docente U de A<\/li>\n<\/ul>\n[\/vc_column_text][\/tab][tab icon_family=&#8221;none&#8221; title=&#8221;M\u00c1S INFORMACI\u00d3N&#8221; id=&#8221;1717702265004-2&#8243; tab_id=&#8221;1717702265005-8&#8243;][vc_column_text]<strong>Mayores informes<\/strong><\/p>\n<ul>\n<li><a href=\"mailto:gestionacademicapdlv@udea.edu.co\">parquedelavida@udea.edu.co<\/a><\/li>\n<li>Tel: (604) 219 25 85 \/86\/89<\/li>\n<\/ul>\n[\/vc_column_text][\/tab][\/tabbed_section][\/vc_column][\/vc_row][vc_row type=&#8221;full_width_background&#8221; full_screen_row_position=&#8221;middle&#8221; column_margin=&#8221;default&#8221; column_direction=&#8221;default&#8221; column_direction_tablet=&#8221;default&#8221; column_direction_phone=&#8221;default&#8221; scene_position=&#8221;center&#8221; top_padding=&#8221;2%&#8221; bottom_padding=&#8221;6%&#8221; text_color=&#8221;dark&#8221; text_align=&#8221;left&#8221; row_border_radius=&#8221;none&#8221; row_border_radius_applies=&#8221;bg&#8221; overflow=&#8221;visible&#8221; advanced_gradient_angle=&#8221;0&#8243; overlay_strength=&#8221;0.3&#8243; gradient_direction=&#8221;left_to_right&#8221; shape_divider_position=&#8221;bottom&#8221; bg_image_animation=&#8221;none&#8221; shape_type=&#8221;&#8221; gradient_type=&#8221;default&#8221;][vc_column column_padding=&#8221;no-extra-padding&#8221; column_padding_tablet=&#8221;inherit&#8221; column_padding_phone=&#8221;inherit&#8221; column_padding_position=&#8221;all&#8221; column_element_spacing=&#8221;default&#8221; background_color_opacity=&#8221;1&#8243; background_hover_color_opacity=&#8221;1&#8243; column_shadow=&#8221;none&#8221; column_border_radius=&#8221;none&#8221; column_link_target=&#8221;_self&#8221; column_position=&#8221;default&#8221; gradient_direction=&#8221;left_to_right&#8221; overlay_strength=&#8221;0.3&#8243; width=&#8221;1\/1&#8243; tablet_width_inherit=&#8221;default&#8221; tablet_text_alignment=&#8221;default&#8221; phone_text_alignment=&#8221;default&#8221; animation_type=&#8221;default&#8221; bg_image_animation=&#8221;none&#8221; border_type=&#8221;simple&#8221; column_border_width=&#8221;none&#8221; column_border_style=&#8221;solid&#8221;][vc_row_inner column_margin=&#8221;default&#8221; column_direction=&#8221;default&#8221; column_direction_tablet=&#8221;default&#8221; column_direction_phone=&#8221;default&#8221; text_align=&#8221;left&#8221; row_position=&#8221;default&#8221; row_position_tablet=&#8221;inherit&#8221; row_position_phone=&#8221;inherit&#8221; overflow=&#8221;visible&#8221; pointer_events=&#8221;all&#8221;][vc_column_inner column_padding=&#8221;no-extra-padding&#8221; column_padding_tablet=&#8221;inherit&#8221; column_padding_phone=&#8221;inherit&#8221; column_padding_position=&#8221;all&#8221; column_element_spacing=&#8221;default&#8221; centered_text=&#8221;true&#8221; background_color_opacity=&#8221;1&#8243; background_hover_color_opacity=&#8221;1&#8243; column_shadow=&#8221;none&#8221; column_border_radius=&#8221;none&#8221; column_link_target=&#8221;_self&#8221; gradient_direction=&#8221;left_to_right&#8221; overlay_strength=&#8221;0.3&#8243; width=&#8221;1\/1&#8243; tablet_width_inherit=&#8221;default&#8221; animation_type=&#8221;default&#8221; bg_image_animation=&#8221;none&#8221; border_type=&#8221;simple&#8221; column_border_width=&#8221;none&#8221; column_border_style=&#8221;solid&#8221;][nectar_btn size=&#8221;large&#8221; button_style=&#8221;regular&#8221; button_color_2=&#8221;Extra-Color-1&#8243; color_override=&#8221;#ffa400&#8243; solid_text_color_override=&#8221;#ffffff&#8221; icon_family=&#8221;default_arrow&#8221; text=&#8221;Inscripciones&#8221; margin_top=&#8221;7&#8243; css_animation=&#8221;none&#8221; url=&#8221;https:\/\/docs.google.com\/forms\/d\/e\/1FAIpQLSdYMChveiI46-SrUCWUOgZLU6uv5H94I7YrEYOHosDaxfsBrw\/viewform&#8221;][nectar_text_inline_images media_type=&#8221;images&#8221; image_size=&#8221;medium&#8221; image_effect=&#8221;none&#8221; image_loading=&#8221;default&#8221;][\/nectar_text_inline_images][\/vc_column_inner][\/vc_row_inner][\/vc_column][\/vc_row]\n","protected":false},"excerpt":{"rendered":"<p>[vc_row type=&#8221;in_container&#8221; full_screen_row_position=&#8221;middle&#8221; column_margin=&#8221;default&#8221; column_direction=&#8221;default&#8221; column_direction_tablet=&#8221;default&#8221; column_direction_phone=&#8221;default&#8221; scene_position=&#8221;center&#8221; text_color=&#8221;dark&#8221; text_align=&#8221;left&#8221; row_border_radius=&#8221;none&#8221; row_border_radius_applies=&#8221;bg&#8221; overflow=&#8221;visible&#8221; overlay_strength=&#8221;0.3&#8243; gradient_direction=&#8221;left_to_right&#8221; shape_divider_position=&#8221;bottom&#8221; bg_image_animation=&#8221;none&#8221;][vc_column column_padding=&#8221;no-extra-padding&#8221; column_padding_tablet=&#8221;inherit&#8221; column_padding_phone=&#8221;inherit&#8221; column_padding_position=&#8221;all&#8221; column_element_spacing=&#8221;default&#8221; background_color_opacity=&#8221;1&#8243; background_hover_color_opacity=&#8221;1&#8243; column_shadow=&#8221;none&#8221; column_border_radius=&#8221;none&#8221; column_link_target=&#8221;_self&#8221; column_position=&#8221;default&#8221; gradient_direction=&#8221;left_to_right&#8221; overlay_strength=&#8221;0.3&#8243; width=&#8221;2\/3&#8243; tablet_width_inherit=&#8221;default&#8221; tablet_text_alignment=&#8221;default&#8221; phone_text_alignment=&#8221;default&#8221; animation_type=&#8221;default&#8221; bg_image_animation=&#8221;none&#8221; border_type=&#8221;simple&#8221; column_border_width=&#8221;none&#8221; column_border_style=&#8221;solid&#8221;][image_with_animation image_url=&#8221;2245&#8243;&#8230;<\/p>\n","protected":false},"author":1,"featured_media":2240,"comment_status":"closed","ping_status":"closed","sticky":false,"template":"","format":"standard","meta":{"footnotes":""},"categories":[48],"tags":[],"class_list":{"0":"post-2239","1":"post","2":"type-post","3":"status-publish","4":"format-standard","5":"has-post-thumbnail","7":"category-cursos-talleres"},"_links":{"self":[{"href":"https:\/\/parquedelavida.co\/parquedelavida\/wp-json\/wp\/v2\/posts\/2239","targetHints":{"allow":["GET"]}}],"collection":[{"href":"https:\/\/parquedelavida.co\/parquedelavida\/wp-json\/wp\/v2\/posts"}],"about":[{"href":"https:\/\/parquedelavida.co\/parquedelavida\/wp-json\/wp\/v2\/types\/post"}],"author":[{"embeddable":true,"href":"https:\/\/parquedelavida.co\/parquedelavida\/wp-json\/wp\/v2\/users\/1"}],"replies":[{"embeddable":true,"href":"https:\/\/parquedelavida.co\/parquedelavida\/wp-json\/wp\/v2\/comments?post=2239"}],"version-history":[{"count":10,"href":"https:\/\/parquedelavida.co\/parquedelavida\/wp-json\/wp\/v2\/posts\/2239\/revisions"}],"predecessor-version":[{"id":2551,"href":"https:\/\/parquedelavida.co\/parquedelavida\/wp-json\/wp\/v2\/posts\/2239\/revisions\/2551"}],"wp:featuredmedia":[{"embeddable":true,"href":"https:\/\/parquedelavida.co\/parquedelavida\/wp-json\/wp\/v2\/media\/2240"}],"wp:attachment":[{"href":"https:\/\/parquedelavida.co\/parquedelavida\/wp-json\/wp\/v2\/media?parent=2239"}],"wp:term":[{"taxonomy":"category","embeddable":true,"href":"https:\/\/parquedelavida.co\/parquedelavida\/wp-json\/wp\/v2\/categories?post=2239"},{"taxonomy":"post_tag","embeddable":true,"href":"https:\/\/parquedelavida.co\/parquedelavida\/wp-json\/wp\/v2\/tags?post=2239"}],"curies":[{"name":"wp","href":"https:\/\/api.w.org\/{rel}","templated":true}]}}