{"id":3086,"date":"2025-10-29T18:25:31","date_gmt":"2025-10-29T23:25:31","guid":{"rendered":"https:\/\/parquedelavida.co\/parquedelavida\/?p=3086"},"modified":"2026-04-17T13:49:29","modified_gmt":"2026-04-17T18:49:29","slug":"curso-explorando-la-meditacion","status":"publish","type":"post","link":"https:\/\/parquedelavida.co\/parquedelavida\/curso-explorando-la-meditacion\/","title":{"rendered":"Curso Explorando la Meditaci\u00f3n"},"content":{"rendered":"[vc_row type=&#8221;in_container&#8221; full_screen_row_position=&#8221;middle&#8221; column_margin=&#8221;default&#8221; column_direction=&#8221;default&#8221; column_direction_tablet=&#8221;default&#8221; column_direction_phone=&#8221;default&#8221; scene_position=&#8221;center&#8221; text_color=&#8221;dark&#8221; text_align=&#8221;left&#8221; row_border_radius=&#8221;none&#8221; row_border_radius_applies=&#8221;bg&#8221; overflow=&#8221;visible&#8221; overlay_strength=&#8221;0.3&#8243; gradient_direction=&#8221;left_to_right&#8221; shape_divider_position=&#8221;bottom&#8221; bg_image_animation=&#8221;none&#8221;][vc_column column_padding=&#8221;no-extra-padding&#8221; column_padding_tablet=&#8221;inherit&#8221; column_padding_phone=&#8221;inherit&#8221; column_padding_position=&#8221;all&#8221; column_element_spacing=&#8221;default&#8221; background_color_opacity=&#8221;1&#8243; background_hover_color_opacity=&#8221;1&#8243; column_shadow=&#8221;none&#8221; column_border_radius=&#8221;none&#8221; column_link_target=&#8221;_self&#8221; column_position=&#8221;default&#8221; gradient_direction=&#8221;left_to_right&#8221; overlay_strength=&#8221;0.3&#8243; width=&#8221;2\/3&#8243; tablet_width_inherit=&#8221;default&#8221; tablet_text_alignment=&#8221;default&#8221; phone_text_alignment=&#8221;default&#8221; animation_type=&#8221;default&#8221; bg_image_animation=&#8221;none&#8221; border_type=&#8221;simple&#8221; column_border_width=&#8221;none&#8221; column_border_style=&#8221;solid&#8221;][image_with_animation image_url=&#8221;3245&#8243; image_size=&#8221;full&#8221; animation_type=&#8221;entrance&#8221; animation=&#8221;Fade In&#8221; hover_animation=&#8221;none&#8221; alignment=&#8221;&#8221; border_radius=&#8221;none&#8221; box_shadow=&#8221;none&#8221; image_loading=&#8221;default&#8221; max_width=&#8221;100%&#8221; max_width_mobile=&#8221;default&#8221;][\/vc_column][vc_column column_padding=&#8221;no-extra-padding&#8221; column_padding_tablet=&#8221;inherit&#8221; column_padding_phone=&#8221;inherit&#8221; column_padding_position=&#8221;all&#8221; column_element_spacing=&#8221;default&#8221; background_color_opacity=&#8221;1&#8243; background_hover_color_opacity=&#8221;1&#8243; column_shadow=&#8221;none&#8221; column_border_radius=&#8221;none&#8221; column_link_target=&#8221;_self&#8221; column_position=&#8221;default&#8221; gradient_direction=&#8221;left_to_right&#8221; overlay_strength=&#8221;0.3&#8243; width=&#8221;1\/3&#8243; tablet_width_inherit=&#8221;default&#8221; tablet_text_alignment=&#8221;default&#8221; phone_text_alignment=&#8221;default&#8221; animation_type=&#8221;default&#8221; bg_image_animation=&#8221;none&#8221; border_type=&#8221;simple&#8221; column_border_width=&#8221;none&#8221; column_border_style=&#8221;solid&#8221;][vc_column_text]<i class=\"fa fa-calendar green\" aria-hidden=\"true\"><\/i> <strong>Fecha:<\/strong> por definir<\/p>\n<hr \/>\n<p><i class=\"fa fa-clock-o green\" aria-hidden=\"true\"> <\/i> <strong>Horas de aprendizaje: <\/strong>27 (20 presenciales y 7 de trabajo independiente)<\/p>\n<hr \/>\n<p><i class=\"fa fa-clock-o green\" aria-hidden=\"true\"><\/i> <strong>Horario:<\/strong> por definir<\/p>\n<hr \/>\n<p><i class=\"fas fa-map-marker\"><\/i> <strong>Lugar:<\/strong> Parque de la Vida (Presencial)<\/p>\n<hr \/>\n<p><i class=\"fa fa-dollar green\" aria-hidden=\"true\"><\/i> <strong>Inversi\u00f3n:<\/strong><\/p>\n<div>\n<p>por definir<\/p>\n<p>* Los descuentos no son acumulables<\/p>\n<div>\n<hr \/>\n<p><i class=\"fa fa-certificate green\" aria-hidden=\"true\"><\/i> Certifica: Universidad de Antioquia.<\/p>\n<\/div>\n<\/div>\n[\/vc_column_text][\/vc_column][\/vc_row][vc_row type=&#8221;in_container&#8221; full_screen_row_position=&#8221;middle&#8221; column_margin=&#8221;default&#8221; column_direction=&#8221;default&#8221; column_direction_tablet=&#8221;default&#8221; column_direction_phone=&#8221;default&#8221; scene_position=&#8221;center&#8221; text_color=&#8221;dark&#8221; text_align=&#8221;left&#8221; row_border_radius=&#8221;none&#8221; row_border_radius_applies=&#8221;bg&#8221; overflow=&#8221;visible&#8221; overlay_strength=&#8221;0.3&#8243; gradient_direction=&#8221;left_to_right&#8221; shape_divider_position=&#8221;bottom&#8221; bg_image_animation=&#8221;none&#8221;][vc_column column_padding=&#8221;no-extra-padding&#8221; column_padding_tablet=&#8221;inherit&#8221; column_padding_phone=&#8221;inherit&#8221; column_padding_position=&#8221;all&#8221; column_element_spacing=&#8221;default&#8221; background_color_opacity=&#8221;1&#8243; background_hover_color_opacity=&#8221;1&#8243; column_shadow=&#8221;none&#8221; column_border_radius=&#8221;none&#8221; column_link_target=&#8221;_self&#8221; column_position=&#8221;default&#8221; gradient_direction=&#8221;left_to_right&#8221; overlay_strength=&#8221;0.3&#8243; width=&#8221;1\/1&#8243; tablet_width_inherit=&#8221;default&#8221; tablet_text_alignment=&#8221;default&#8221; phone_text_alignment=&#8221;default&#8221; animation_type=&#8221;default&#8221; bg_image_animation=&#8221;none&#8221; border_type=&#8221;simple&#8221; column_border_width=&#8221;none&#8221; column_border_style=&#8221;solid&#8221;][tabbed_section style=&#8221;default&#8221; alignment=&#8221;left&#8221; spacing=&#8221;default&#8221; tab_color=&#8221;Extra-Color-1&#8243; vs_content_animation=&#8221;fade&#8221; vs_link_animation=&#8221;opacity&#8221; vs_navigation_alignment=&#8221;left&#8221; vs_navigation_width_2=&#8221;25%&#8221; vs_navigation_func=&#8221;default&#8221; vs_navigation_width=&#8221;regular&#8221; vs_navigation_spacing=&#8221;15px&#8221; vs_navigation_mobile_display=&#8221;visible&#8221; vs_tab_spacing=&#8221;5%&#8221;][tab icon_family=&#8221;none&#8221; title=&#8221;DESCRIPCI\u00d3N&#8221; id=&#8221;1776451699782-0&#8243; tab_id=&#8221;1776451699783-7&#8243;][vc_column_text]El presente curso es un espacio para el aprendizaje y la pr\u00e1ctica de diferentes herramientas de eso que llamamos meditaci\u00f3n, con la finalidad que cada uno de los cursantes pueda integrar esta pr\u00e1ctica en su vida cotidiana.<\/p>\n<p><!--more--><\/p>\n<p>&nbsp;<\/p>\n<p>En nuestro mundo actual solemos llevar una vida autom\u00e1tica que se convierte en caldo de cultivo perfecto para la proliferaci\u00f3n de m\u00faltiples des\u00f3rdenes y afecciones mentales que terminan impactando nuestro desenvolvimiento cotidiano, como respuesta a ello, desde diferentes tradiciones a lo largo del mundo, y en distintos periodos temporales, se han propuesto pr\u00e1cticas meditativas que proponen liberarnos de los automatismos para desarrollar una forma de vivir desde la presencia.<\/p>\n<p>&nbsp;<\/p>\n<p>Aunque este tipo de pr\u00e1cticas meditativas han estado asociadas con diferentes tradiciones m\u00edsticas, filos\u00f3ficas y religiosas, cada d\u00eda estas pr\u00e1cticas ganan m\u00e1s espacio en nuestra cotidianidad y es cada vez m\u00e1s f\u00e1cil encontrar propuestas que integran la meditaci\u00f3n como t\u00e9cnica para complementar procesos educativos y terap\u00e9uticos, tratamientos m\u00e9dicos, estrategias para mejorar ambientes laborales, entre otros. Por ello, se hace importante darle un lugar a estudiar la meditaci\u00f3n libre de visiones dogm\u00e1ticas y a explorarla desde diferentes enfoques, para reconocer los diversos elementos de convergencia entre las pr\u00e1cticas meditativas, y, sobre todo, para comprender su aplicabilidad en nuestro mundo actual.<\/p>\n<p>&nbsp;<\/p>\n<p>Lo que busca nuestro curso, es ofrecer los principios de esta sabidur\u00eda milenaria desde el rigor acad\u00e9mico y con una pedagog\u00eda experiencial que permita que cada uno de los participantes aprenda m\u00e1s sobre s\u00ed mismo y pueda integrar todo lo aprendido a una vida cotidiana colmada de presencia y deleite.[\/vc_column_text][\/tab][tab icon_family=&#8221;none&#8221; title=&#8221;CONTENIDOS&#8221; id=&#8221;1776451699800-1&#8243; tab_id=&#8221;1776451699801-1&#8243; sub_desc=&#8221;CONTENIDOS&#8221;][vc_column_text]<strong>Introducci\u00f3n a la meditaci\u00f3n:<br \/>\n<\/strong>Bienvenida e introducci\u00f3n al parque de la vida<br \/>\nPresentaci\u00f3n talleristas<br \/>\nActividad de socializaci\u00f3n y presentaci\u00f3n de los integrantes del grupo y sus expectativas<br \/>\nSocializaci\u00f3n de conocimientos previos y experiencia de cada uno en la meditaci\u00f3n<br \/>\nFundamentos de la meditaci\u00f3n (postura, respiraci\u00f3n, relajaci\u00f3n, entre otras.)<\/p>\n<p>&nbsp;<\/p>\n<p><strong>Diferentes perspectivas de la meditaci\u00f3n: <\/strong><br \/>\nEl camino de la trascendencia y el camino de la inmanencia.<br \/>\nLa meditaci\u00f3n desde diferentes perspectivas.<\/p>\n<p>El recorrido hist\u00f3rico de las pr\u00e1cticas meditativas hasta nuestros d\u00edas.<br \/>\nPr\u00e1cticas introductorias y de preparaci\u00f3n<\/p>\n<p>&nbsp;<\/p>\n<p><strong>Sistema nervioso y meditaci\u00f3n:<\/strong><\/p>\n<p>Componentes del cerebro y el sistema nervioso.<br \/>\nEfectos neuronales de las pr\u00e1cticas meditativas.<br \/>\nLa meditaci\u00f3n vista desde la ciencia.<\/p>\n<p>&nbsp;<\/p>\n<p><strong>Pr\u00e1cticas reflexivas<\/strong>.<br \/>\nPrincipios filos\u00f3ficos del cuidado de s\u00ed.<br \/>\nPr\u00e1cticas inspiradas en el estoicismo.<\/p>\n<p>&nbsp;<\/p>\n<p><strong>Pr\u00e1cticas atencionales.<\/strong><br \/>\nEl proceso de la atenci\u00f3n.<\/p>\n<p>De la mente ca\u00f3tica a la mente enfocada.<br \/>\nPuntos de anclaje para la unidireccionalidad de la mente.<\/p>\n<p>&nbsp;<\/p>\n<p><strong>Pr\u00e1cticas deconstructivas.<\/strong><br \/>\nEjercicios pr\u00e1cticos para la liberaci\u00f3n de contenidos internos de la psique.<br \/>\nEl proceso de la identificaci\u00f3n del observador y lo observado.<\/p>\n<p>&nbsp;<\/p>\n<p><strong>Pr\u00e1cticas generativas.<\/strong><br \/>\nEjercicios pr\u00e1cticos alrededor de los cuatro inconmensurables: cordialidad amorosa, compasi\u00f3n dulce, alegr\u00eda emp\u00e1tica, ecuanimidad serena.<br \/>\nEl potencial para la transformaci\u00f3n personal y social de las pr\u00e1cticas meditativas.<\/p>\n<p>&nbsp;<\/p>\n<p><strong>Cierre, integraci\u00f3n y socializaci\u00f3n<\/strong><\/p>\n<p>Recapitulaci\u00f3n de las diferentes pr\u00e1cticas<\/p>\n<p>Socializaci\u00f3n de las pr\u00e1cticas que quedaron para la casa<\/p>\n<p>Dise\u00f1o de un plan para llevar a cabo su pr\u00e1ctica personal[\/vc_column_text][\/tab][tab icon_family=&#8221;none&#8221; title=&#8221;OBJETIVOS&#8221; id=&#8221;1776451699811-1&#8243; tab_id=&#8221;1776451699811-6&#8243;][vc_column_text]\n<ul>\n<li>Promover estados de bienestar y calidad de vida a trav\u00e9s de la exploraci\u00f3n pr\u00e1ctica de las diversas herramientas de la meditaci\u00f3n, y el estudio de sus fundamentos te\u00f3ricos<\/li>\n<li>Practicar diferentes herramientas de meditaci\u00f3n para reconocer sus principios comunes y sus diferencias<\/li>\n<li>Incorporar elementos pr\u00e1cticos alrededor de la meditaci\u00f3n que puedan ser aplicados en la cotidianidad<\/li>\n<li>Estudiar los fundamentos te\u00f3ricos, filos\u00f3ficos y cient\u00edficos, que sustentan las pr\u00e1cticas contemplativas<\/li>\n<li>Reconocer los efectos de la pr\u00e1ctica de la meditaci\u00f3n y los potenciales de su incorporaci\u00f3n a nivel personal y social<\/li>\n<\/ul>\n[\/vc_column_text][\/tab][tab icon_family=&#8221;none&#8221; title=&#8221;METODOLOG\u00cdA&#8221; id=&#8221;1776451699826-9&#8243; tab_id=&#8221;1776451699827-9&#8243;][vc_column_text]El curso est\u00e1 creado como una inmersi\u00f3n en el mundo de la meditaci\u00f3n, por lo cual su eje central gira alrededor de la vivencia pr\u00e1ctica, complementado un acercamiento te\u00f3rico a sus fundamentos y principios. Cada uno de los encuentros contar\u00e1 con los siguientes momentos:<\/p>\n<p>1. Espacio de encuadre desde el cultivo de la quietud y el silencio<br \/>\n2.Compartir de la palabra alrededor de los elementos abordados y las invitaciones pr\u00e1cticas propuestas desde el encuentro anterior<br \/>\n3. Un componente pr\u00e1ctico enfocado en los elementos a abordar en la sesi\u00f3n<br \/>\n4. Un abordaje te\u00f3rico que permita<br \/>\n5. Un componente de sintetizar los entendimientos del d\u00eda y que sirva de invitaci\u00f3n para la pr\u00e1ctica cotidiana propuesta a lo largo de la semana hasta el encuentro siguiente.[\/vc_column_text][\/tab][tab icon_family=&#8221;none&#8221; title=&#8221;DIRIGIDO A&#8221; id=&#8221;1776451699836-1&#8243; tab_id=&#8221;1776451699837-2&#8243;][vc_column_text]P\u00fablico en general interesado en incorporar la pr\u00e1ctica meditativa en su vida cotidiana[\/vc_column_text][\/tab][tab icon_family=&#8221;none&#8221; title=&#8221;DOCENTES&#8221; id=&#8221;1776451699853-9&#8243; tab_id=&#8221;1776451699853-8&#8243; sub_desc=&#8221;DOCENTE&#8221;][vc_column_text]\n<ul>\n<li><strong>Isabel Jaramillo Posada<\/strong>: Psic\u00f3loga, magister en neuropsicolog\u00eda y educaci\u00f3n. Con estudios complementarios en CBT y Mindfulness. Mindfulness MBSR, y terapia asistida con animales. Cuenta con una amplia experiencia docente en artes marciales y meditaci\u00f3n.<\/li>\n<\/ul>\n<ul>\n<li><strong>David Vel\u00e1squez Alzate,<\/strong>\u00a0psic\u00f3logo de la Universidad de Antioquia, Mag\u00edster en Psicolog\u00eda Cl\u00ednica de la Universidad de Bolo\u00f1a, en Italia, y psicoterapeuta Gest\u00e1ltico del Centro Gest\u00e1ltico de Medell\u00edn. Busca ser coherente con su profesi\u00f3n y vivir de una manera responsable, consciente y,\u00a0 en la medida de lo posible, feliz.<\/li>\n<\/ul>\n[\/vc_column_text][\/tab][tab icon_family=&#8221;none&#8221; title=&#8221;M\u00c1S INFORMACI\u00d3N&#8221; id=&#8221;1776451699869-1&#8243; tab_id=&#8221;1776451699869-7&#8243;][vc_column_text]\n<p style=\"text-align: center;\"><strong>Mayores informes<\/strong><\/p>\n<p style=\"text-align: center;\">Correo: <a href=\"mailto:gestionacademicapdlv@udea.edu.co\">gestionacademicapdlv@udea.edu.co<\/a><\/p>\n<p style=\"text-align: center;\">WhatsApp: 305 2918805<\/p>\n[\/vc_column_text][\/tab][\/tabbed_section][\/vc_column][\/vc_row][vc_row type=&#8221;full_width_background&#8221; full_screen_row_position=&#8221;middle&#8221; column_margin=&#8221;default&#8221; column_direction=&#8221;default&#8221; column_direction_tablet=&#8221;default&#8221; column_direction_phone=&#8221;default&#8221; scene_position=&#8221;center&#8221; top_padding=&#8221;2%&#8221; bottom_padding=&#8221;6%&#8221; text_color=&#8221;dark&#8221; text_align=&#8221;left&#8221; row_border_radius=&#8221;none&#8221; row_border_radius_applies=&#8221;bg&#8221; overflow=&#8221;visible&#8221; advanced_gradient_angle=&#8221;0&#8243; overlay_strength=&#8221;0.3&#8243; gradient_direction=&#8221;left_to_right&#8221; shape_divider_position=&#8221;bottom&#8221; bg_image_animation=&#8221;none&#8221; shape_type=&#8221;&#8221; gradient_type=&#8221;default&#8221;][vc_column column_padding=&#8221;no-extra-padding&#8221; column_padding_tablet=&#8221;inherit&#8221; column_padding_phone=&#8221;inherit&#8221; column_padding_position=&#8221;all&#8221; column_element_spacing=&#8221;default&#8221; background_color_opacity=&#8221;1&#8243; background_hover_color_opacity=&#8221;1&#8243; column_shadow=&#8221;none&#8221; column_border_radius=&#8221;none&#8221; column_link_target=&#8221;_self&#8221; column_position=&#8221;default&#8221; gradient_direction=&#8221;left_to_right&#8221; overlay_strength=&#8221;0.3&#8243; width=&#8221;1\/1&#8243; tablet_width_inherit=&#8221;default&#8221; tablet_text_alignment=&#8221;default&#8221; phone_text_alignment=&#8221;default&#8221; animation_type=&#8221;default&#8221; bg_image_animation=&#8221;none&#8221; border_type=&#8221;simple&#8221; column_border_width=&#8221;none&#8221; column_border_style=&#8221;solid&#8221;][vc_row_inner column_margin=&#8221;default&#8221; column_direction=&#8221;default&#8221; column_direction_tablet=&#8221;default&#8221; column_direction_phone=&#8221;default&#8221; text_align=&#8221;left&#8221; row_position=&#8221;default&#8221; row_position_tablet=&#8221;inherit&#8221; row_position_phone=&#8221;inherit&#8221; overflow=&#8221;visible&#8221; pointer_events=&#8221;all&#8221;][vc_column_inner column_padding=&#8221;no-extra-padding&#8221; column_padding_tablet=&#8221;inherit&#8221; column_padding_phone=&#8221;inherit&#8221; column_padding_position=&#8221;all&#8221; column_element_spacing=&#8221;default&#8221; centered_text=&#8221;true&#8221; background_color_opacity=&#8221;1&#8243; background_hover_color_opacity=&#8221;1&#8243; column_shadow=&#8221;none&#8221; column_border_radius=&#8221;none&#8221; column_link_target=&#8221;_self&#8221; gradient_direction=&#8221;left_to_right&#8221; overlay_strength=&#8221;0.3&#8243; width=&#8221;1\/1&#8243; tablet_width_inherit=&#8221;default&#8221; animation_type=&#8221;default&#8221; bg_image_animation=&#8221;none&#8221; border_type=&#8221;simple&#8221; column_border_width=&#8221;none&#8221; column_border_style=&#8221;solid&#8221;][nectar_btn size=&#8221;large&#8221; button_style=&#8221;regular&#8221; button_color_2=&#8221;Extra-Color-1&#8243; color_override=&#8221;#ffa400&#8243; solid_text_color_override=&#8221;#ffffff&#8221; icon_family=&#8221;default_arrow&#8221; text=&#8221;INSCRIPCIONES&#8221; margin_top=&#8221;7&#8243; css_animation=&#8221;none&#8221; url=&#8221;https:\/\/share.udea.edu.co\/?q=po:o5054&#8243;][nectar_text_inline_images media_type=&#8221;images&#8221; image_size=&#8221;medium&#8221; image_effect=&#8221;none&#8221; image_loading=&#8221;default&#8221;][\/nectar_text_inline_images][\/vc_column_inner][\/vc_row_inner][\/vc_column][\/vc_row][vc_row type=&#8221;in_container&#8221; full_screen_row_position=&#8221;middle&#8221; column_margin=&#8221;default&#8221; column_direction=&#8221;default&#8221; column_direction_tablet=&#8221;default&#8221; column_direction_phone=&#8221;default&#8221; scene_position=&#8221;center&#8221; text_color=&#8221;dark&#8221; text_align=&#8221;left&#8221; row_border_radius=&#8221;none&#8221; row_border_radius_applies=&#8221;bg&#8221; overflow=&#8221;visible&#8221; overlay_strength=&#8221;0.3&#8243; gradient_direction=&#8221;left_to_right&#8221; shape_divider_position=&#8221;bottom&#8221; bg_image_animation=&#8221;none&#8221;][vc_column column_padding=&#8221;no-extra-padding&#8221; column_padding_tablet=&#8221;inherit&#8221; column_padding_phone=&#8221;inherit&#8221; column_padding_position=&#8221;all&#8221; column_element_spacing=&#8221;default&#8221; background_color_opacity=&#8221;1&#8243; background_hover_color_opacity=&#8221;1&#8243; column_shadow=&#8221;none&#8221; column_border_radius=&#8221;none&#8221; column_link_target=&#8221;_self&#8221; column_position=&#8221;default&#8221; gradient_direction=&#8221;left_to_right&#8221; overlay_strength=&#8221;0.3&#8243; width=&#8221;1\/1&#8243; tablet_width_inherit=&#8221;default&#8221; tablet_text_alignment=&#8221;default&#8221; phone_text_alignment=&#8221;default&#8221; animation_type=&#8221;default&#8221; bg_image_animation=&#8221;none&#8221; border_type=&#8221;simple&#8221; column_border_width=&#8221;none&#8221; column_border_style=&#8221;solid&#8221;][vc_column_text]\n[\/vc_column_text][\/vc_column][\/vc_row]\n","protected":false},"excerpt":{"rendered":"<p>[vc_row type=&#8221;in_container&#8221; full_screen_row_position=&#8221;middle&#8221; column_margin=&#8221;default&#8221; column_direction=&#8221;default&#8221; column_direction_tablet=&#8221;default&#8221; column_direction_phone=&#8221;default&#8221; scene_position=&#8221;center&#8221; text_color=&#8221;dark&#8221; text_align=&#8221;left&#8221; row_border_radius=&#8221;none&#8221; row_border_radius_applies=&#8221;bg&#8221; overflow=&#8221;visible&#8221; overlay_strength=&#8221;0.3&#8243; gradient_direction=&#8221;left_to_right&#8221; shape_divider_position=&#8221;bottom&#8221; bg_image_animation=&#8221;none&#8221;][vc_column column_padding=&#8221;no-extra-padding&#8221; column_padding_tablet=&#8221;inherit&#8221; column_padding_phone=&#8221;inherit&#8221; column_padding_position=&#8221;all&#8221; column_element_spacing=&#8221;default&#8221; background_color_opacity=&#8221;1&#8243; background_hover_color_opacity=&#8221;1&#8243; column_shadow=&#8221;none&#8221; column_border_radius=&#8221;none&#8221; column_link_target=&#8221;_self&#8221; column_position=&#8221;default&#8221; gradient_direction=&#8221;left_to_right&#8221; overlay_strength=&#8221;0.3&#8243; width=&#8221;2\/3&#8243; tablet_width_inherit=&#8221;default&#8221; tablet_text_alignment=&#8221;default&#8221; phone_text_alignment=&#8221;default&#8221; animation_type=&#8221;default&#8221; bg_image_animation=&#8221;none&#8221; border_type=&#8221;simple&#8221; column_border_width=&#8221;none&#8221; column_border_style=&#8221;solid&#8221;][image_with_animation image_url=&#8221;3245&#8243;&#8230;<\/p>\n","protected":false},"author":2,"featured_media":3245,"comment_status":"closed","ping_status":"closed","sticky":false,"template":"","format":"standard","meta":{"footnotes":""},"categories":[48],"tags":[],"class_list":{"0":"post-3086","1":"post","2":"type-post","3":"status-publish","4":"format-standard","5":"has-post-thumbnail","7":"category-cursos-talleres"},"_links":{"self":[{"href":"https:\/\/parquedelavida.co\/parquedelavida\/wp-json\/wp\/v2\/posts\/3086","targetHints":{"allow":["GET"]}}],"collection":[{"href":"https:\/\/parquedelavida.co\/parquedelavida\/wp-json\/wp\/v2\/posts"}],"about":[{"href":"https:\/\/parquedelavida.co\/parquedelavida\/wp-json\/wp\/v2\/types\/post"}],"author":[{"embeddable":true,"href":"https:\/\/parquedelavida.co\/parquedelavida\/wp-json\/wp\/v2\/users\/2"}],"replies":[{"embeddable":true,"href":"https:\/\/parquedelavida.co\/parquedelavida\/wp-json\/wp\/v2\/comments?post=3086"}],"version-history":[{"count":19,"href":"https:\/\/parquedelavida.co\/parquedelavida\/wp-json\/wp\/v2\/posts\/3086\/revisions"}],"predecessor-version":[{"id":3635,"href":"https:\/\/parquedelavida.co\/parquedelavida\/wp-json\/wp\/v2\/posts\/3086\/revisions\/3635"}],"wp:featuredmedia":[{"embeddable":true,"href":"https:\/\/parquedelavida.co\/parquedelavida\/wp-json\/wp\/v2\/media\/3245"}],"wp:attachment":[{"href":"https:\/\/parquedelavida.co\/parquedelavida\/wp-json\/wp\/v2\/media?parent=3086"}],"wp:term":[{"taxonomy":"category","embeddable":true,"href":"https:\/\/parquedelavida.co\/parquedelavida\/wp-json\/wp\/v2\/categories?post=3086"},{"taxonomy":"post_tag","embeddable":true,"href":"https:\/\/parquedelavida.co\/parquedelavida\/wp-json\/wp\/v2\/tags?post=3086"}],"curies":[{"name":"wp","href":"https:\/\/api.w.org\/{rel}","templated":true}]}}